{"id":162,"date":"2010-05-26T21:08:47","date_gmt":"2010-05-26T20:08:47","guid":{"rendered":"http:\/\/blog.bzvi.de\/?p=162"},"modified":"2013-12-24T21:09:32","modified_gmt":"2013-12-24T20:09:32","slug":"unterm-hammer-von-rtl-abgesetzt","status":"publish","type":"post","link":"https:\/\/blog.bzvi.de\/?p=162","title":{"rendered":"\u201cUnterm Hammer\u201d von RTL abgesetzt"},"content":{"rendered":"<div>\n<p>Am Pfingstsonntag sollte die zweite Folge der \u201cHausrettungsinitiative\u201d von Tine Wittler ausgestrahlt werden. Dazu kam es nicht, weil RTL das Format aufgrund der Recherchen der BILD-Zeitung eingestampft hat. Zu viel war get\u00fcrkt worden, BILD sprach von \u201cSchummel-TV\u201d.<\/p>\n<p>Auch wenn man nicht mit dem Medium BILD und seinen Wertungen einverstanden sein muss, die BILD-Redaktion geh\u00f6rt zu denen im Lande, die extrem sauber recherchieren. Nur ganz selten entsprechen die vorgestellten Sachverhalte nicht der Wahrheit.<\/p>\n<p>Dass der angebliche Hausverkauf wegen R\u00fccktritts des angeblichen K\u00e4ufers kurz nach den Dreharbeiten gar nicht zustande kam, h\u00e4tte RTL ruhig im Abspann der Sendung eingestehen k\u00f6nnen. Dass die Produktionsfirma das Dilemma nun auf die eigene Kappe nimmt und eingesteht, weder RTL noch Frau Wittler h\u00e4tten etwas davon gewusst, geht auf das Konto Schadensbegrenzung. Wer jemals eine Fernsehproduktion der Entstehung mitgemacht hat, wei\u00df, dass da wirklich jeder Bescheid wei\u00df. Da sind Schauspieler am Werk, Statisten, und mit der entsprechenden Garnierung wird die bestellte \u201cMahlzeit\u201d dem breiten Publikum\u00a0 mundgerecht serviert.<\/p>\n<p>Dass dieses Konzept, was da probiert wurde, in Wirklichkeit sowieso nicht funktioniert, wissen wir alle. Und dass hier ein Bild vom ohnm\u00e4chtigen Untermenschen \u201cSchuldner\u201d gemalt wird, ist aus meiner Sicht menschenverachtend und suggeriert, dass man sowieso v\u00f6llig ausgeliefert ist und vor allem lernen muss, zu verzichten, zu verlieren. Warum diese Botschaft? Wehren sich mittlerweile doch zu viele Menschen gegen die Vernichtung ihrer Existenz? Nein, bestimmt nicht! Wenn ich h\u00f6re, wie jemand sagt, er wolle in seinem Versteigerungsverfahren keine Rechtsmittel anwenden, weil er Angst hat, daf\u00fcr bestraft zu werden, zeigt sich die Essenz unseres kollektiven Bewusstseins nur allzu deutlich. Nur dadurch kann dieses \u201cSystem\u201d so ungehindert unter den Menschen w\u00fcten, und es w\u00fcrde gen\u00fcgen, wenn nur 10-20% der Betroffenen aufstehen w\u00fcrden und ihre gesetzlichen Rechte einforderten. Dann w\u00e4re der Spuk ganz schnell zu Ende.<\/p>\n<p>Was f\u00fcr ein Spuk? Nun, der Spuk des Missbrauchs der Schw\u00e4cheren durch die vermeintlich St\u00e4rkeren. Der Spuk an den Gerichten, die von vorne herein gl\u00e4ubigerorientiert arbeiten, ja arbeiten m\u00fcssen, weil die Schuldner im Regelfall keine der gesetzlich zul\u00e4ssigen und vorgesehenen Antr\u00e4ge ans Gericht stellen, ja nicht einmal wissen, dass das Gericht nur auf Antrag handeln darf und kann und es unsere demokratische B\u00fcrgerpflicht ist, Antr\u00e4ge zu stellen, anstatt herumzujammern. Statt f\u00fcr unsere Rechte zu k\u00e4mpfen, suchen wir lieber Wege, um das angeblich Unvermeidliche ertragen zu lernen und rennen zum Psychiater.<\/p>\n<p>Dass wir in Deutschland praktisch an vollen T\u00f6pfen verhungern, daran sind ausschlie\u00dflich wir selbst schuld, weil wir dieses Spiel von Anfang an mitgespielt haben und jetzt zu feige sind, auszusteigen und endlich zu handeln. Und das betrifft alle Beteiligten, die Schuldner, die Gl\u00e4ubiger und die Personen, die bei Gericht ihre Arbeit verrichten.<\/p>\n<p>Unser gr\u00f6\u00dfter Feind sitzt in unserem eigenen Kopf,\u00a0 es ist der \u201cvorauseilende Gehorsam\u201d, der auf peinlichste Weise unseren geistigen Suizid vorantreibt, Tag f\u00fcr Tag, Jahr f\u00fcr Jahr. Und wir schreien dann am Ende um Hilfe, wenn unser handgestricktes und gesellschaftlich verbreitetes und allgemein verordnetes Glaubenssystem an den erlittenen Schmerzen endlich zerbricht. Nur kosten darf es nichts, wir rufen \u201cWasch mich, aber mach mich nicht nass!\u201d Und schon wieder wollen wir keine eigene Verantwortung tragen, f\u00fcr das was wir uns zurechtgelebt haben, schon wieder soll jemand anderes an unserer Statt erkennen und handeln.<\/p>\n<p>Ich sage euch, so wird das nichts. Und so werden wir weiter wie die Mastk\u00e4lber zur Schlachtbank gef\u00fchrt, Tag f\u00fcr Tag, Jahr f\u00fcr Jahr.<\/p>\n<p>Ist denn da wenigstens einer unter euch, der es anders machen will und das auch tut?<\/p>\n<p>Euer Admin<\/p>\n<\/div>\n","protected":false},"excerpt":{"rendered":"<p>Am Pfingstsonntag sollte die zweite Folge der \u201cHausrettungsinitiative\u201d von Tine Wittler ausgestrahlt werden. Dazu kam es nicht, weil RTL das Format aufgrund der Recherchen der BILD-Zeitung eingestampft hat. Zu viel war get\u00fcrkt worden, BILD sprach von \u201cSchummel-TV\u201d. Auch wenn man &hellip; <a class=\"more-link\" href=\"https:\/\/blog.bzvi.de\/?p=162\">weiterlesen<\/a><\/p>","protected":false},"author":1,"featured_media":0,"comment_status":"open","ping_status":"open","sticky":false,"template":"","format":"standard","meta":{"footnotes":""},"categories":[1],"tags":[],"class_list":["post-162","post","type-post","status-publish","format-standard","hentry","category-allgemein"],"_links":{"self":[{"href":"https:\/\/blog.bzvi.de\/index.php?rest_route=\/wp\/v2\/posts\/162","targetHints":{"allow":["GET"]}}],"collection":[{"href":"https:\/\/blog.bzvi.de\/index.php?rest_route=\/wp\/v2\/posts"}],"about":[{"href":"https:\/\/blog.bzvi.de\/index.php?rest_route=\/wp\/v2\/types\/post"}],"author":[{"embeddable":true,"href":"https:\/\/blog.bzvi.de\/index.php?rest_route=\/wp\/v2\/users\/1"}],"replies":[{"embeddable":true,"href":"https:\/\/blog.bzvi.de\/index.php?rest_route=%2Fwp%2Fv2%2Fcomments&post=162"}],"version-history":[{"count":1,"href":"https:\/\/blog.bzvi.de\/index.php?rest_route=\/wp\/v2\/posts\/162\/revisions"}],"predecessor-version":[{"id":163,"href":"https:\/\/blog.bzvi.de\/index.php?rest_route=\/wp\/v2\/posts\/162\/revisions\/163"}],"wp:attachment":[{"href":"https:\/\/blog.bzvi.de\/index.php?rest_route=%2Fwp%2Fv2%2Fmedia&parent=162"}],"wp:term":[{"taxonomy":"category","embeddable":true,"href":"https:\/\/blog.bzvi.de\/index.php?rest_route=%2Fwp%2Fv2%2Fcategories&post=162"},{"taxonomy":"post_tag","embeddable":true,"href":"https:\/\/blog.bzvi.de\/index.php?rest_route=%2Fwp%2Fv2%2Ftags&post=162"}],"curies":[{"name":"wp","href":"https:\/\/api.w.org\/{rel}","templated":true}]}}