{"id":327,"date":"2020-12-19T17:42:15","date_gmt":"2020-12-19T16:42:15","guid":{"rendered":"https:\/\/blog.bzvi.de\/?p=327"},"modified":"2021-10-12T20:55:05","modified_gmt":"2021-10-12T19:55:05","slug":"herzliche-gruesse-zum-jahreswechsel-und-zur-wintersonnenwende","status":"publish","type":"post","link":"https:\/\/blog.bzvi.de\/?p=327","title":{"rendered":"Herzliche Gr\u00fc\u00dfe zum Jahreswechsel und zur Wintersonnenwende"},"content":{"rendered":"\n<p style=\"font-size:17px\"><strong><em>Dieses nun endlich dann doch scheidende Jahr hat viele von uns vor neue und zus\u00e4tzliche Herausforderungen gestellt, die wir noch in 2019 niemals als eine derartige \u00fcber uns hereinbrechende Flutwelle erahnt h\u00e4tten, von au\u00dfen wie von innen.<\/em><\/strong><\/p>\n\n\n\n<div class=\"wp-block-group\"><div class=\"wp-block-group__inner-container is-layout-flow wp-block-group-is-layout-flow\">\n<p>Diejenigen von uns, welche seit so vielen Jahren daran gew\u00f6hnt sind, unseren Halt im festen Glauben zu finden, seien es in den religi\u00f6sen \u00dcberzeugungen, den ethischen wie politischen Werten, unseren Grundrechten oder aber auch unserer Zugeh\u00f6rigkeit zu bestimmten gesellschaftlichen Kreisen und heimatverbundenen Volksgruppen, stellen sich der dr\u00e4ngenden Frage, an was man denn heute \u00fcberhaupt noch im Vertrauen an die G\u00fcltigkeit der gewachsenen Werte und Lebensstrukturen glauben kann. Oder ist es mittlerweile gar an der Zeit, das Werkzeug des Glaubens, des ungepr\u00fcft Akzeptierens und damit des sich auf das Urteilsverm\u00f6gen anderer Menschen und Institutionen Verlassens, beiseite zu legen und einzutreten in den Zustand fortw\u00e4hrend auch schmerzender Erkenntnisfrische, aus der sich die von uns gesuchte und gleicherma\u00dfen ben\u00f6tigte Wahrnehmungs- und Handlungssicherheit in differenzierter Pr\u00e4senz heraussch\u00e4lt?<\/p>\n<\/div><\/div>\n\n\n\n<p>Die Ver\u00e4nderung des Menschenbildes im Zuge der geplanten Globalisierung, die damit vermutlich beschleunigt einhergehende Aufl\u00f6sung individueller sch\u00f6pferischer Lebenswirklichkeiten, Verzicht auf Kultur, Kunst, geistigen Reichtum im Miteinander einzigartiger Menschen (die wir diese ja alle sind), Reduktion der Menschen auf physiologische und \u2013 wie wir es heute zunehmend erleben \u2013 pharmakologische und digital vollst\u00e4ndig vernetzte Funktionseinheiten, die man am besten und um jeden Preis voneinander separiert, um sie noch kalkulierbarer, steuerbarer und n\u00fctzlicher zu machen.<\/p>\n\n\n\n<p>Es wird wohl schon so sein, dass unsere bisherigen \u00dcberlebens-Konzepte als Gesellschaft nicht ausreichen werden, um diesen Herausforderungen wirksam begegnen zu k\u00f6nnen, weder unser teigig-tr\u00e4ges Beharrungsverm\u00f6gen einiger Splittergruppen noch der gewohnte vorauseilende Gehorsam sind geeignet, uns zu sch\u00fctzen vor dem, was sich wie von manchen Mitb\u00fcrgern bezeichnet derzeit als eine sogenannte Gesundheitsdiktatur am Horizont zusammenballt.<\/p>\n\n\n\n<p>Oder sind das doch letztlich nur die von Angst und Panik getriebenen Kellerges\u00e4nge derjenigen unter uns, welche in wenn auch berechtigter tiefer Sorge von Not und Schwarzseherei getrieben nicht mehr den Mut aufbringen, jeden Tag aufs Neue unsere tiefen inneren Quellen zu \u00f6ffnen und uns mit frischen Kr\u00e4ften eine immer wieder neu sprudelnde Lebenswirklickkeit zu geb\u00e4ren, f\u00fcr uns, unsere Familien und die neben uns wandernden Mitmenschen.<\/p>\n\n\n\n<p>Nat\u00fcrlich sehen wir alle den Riss, der derzeit durch unsere Gesellschaft geht und der nicht stets das Beste im Menschen hervorbringt: Denunziantentum, Diskriminierung, die Verweigerung der Erforschung aller uns bedr\u00e4ngenden Fragen, die wir eben nicht mehr blo\u00df an die sogenannten Experten abgeben k\u00f6nnen, sondern die wir selbst Tag f\u00fcr Tag aufs Neue ergr\u00fcnden m\u00fcssen, auch f\u00fcr unsere Gro\u00dfeltern, Eltern und insbesondere unsere Kinder, denen es heute mehr denn je zuvor \u201eans Leder\u201c geht.<\/p>\n\n\n\n<p>Hier stehen wir in der Pflicht, die innere wie \u00e4u\u00dfere Spaltung, die uns hier auferlegt wird, gemeinsam zu \u00fcberwinden, die Erkenntnis auch all der unbequemen Wahrheiten zu ertragen und daraus Fr\u00fcchte zu ziehen, welche unserer Welt ein neues Fundament von innen heraus erbauen kann \u2013 nicht zur\u00fcck zum Alten, sondern zu einer neuen lebendigen Gegenwart, die getragen ist vom Austausch von Gedanken und Empfinden, \u00dcberwindung ideologischer Gebundenheit in Form des von uns eingeforderten blinden Glaubens und Gehorsams.<\/p>\n\n\n\n<p>Auch das, was uns hier im BZVI e.V. verbindet, der Widerstand n\u00e4mlich gegen die Zwangsversteigerung und die letztliche r\u00fccksichtslose Kompostierung von Menschen, welche dann im Spiel der Gl\u00e4ubiger durch neue Schuldner ersetzt werden, die Suche nach kreativen alternativen L\u00f6sungen f\u00fcr Hab und Gut sowie unsere so sehr unterschiedlichen Lebenspl\u00e4ne, auch dies steht nun alles neu auf dem Pr\u00fcfstand. Was werden uns die n\u00e4chsten Wochen und Monate hier f\u00fcr neue Weichenstellungen bescheren? Werden wir zeitnah in eine W\u00e4hrungsreform rutschen, werden alle Immobilieneigent\u00fcmer, Schuldner oder nicht, in einer Enteignungswelle demotiviert auf der Strecke bleiben? Was geschieht mit uns, wo die Verfahren teilweise schon so sehr lange laufen? Wird es \u00fcberhaupt noch Versteigerungen geben, wenn die Kreditwirtschaft nicht mehr so wie gewohnt weiter existiert? Wie soll denn dann jemand noch etwas ersteigern k\u00f6nnen? Aus der Portokasse bestimmt nicht.<\/p>\n\n\n\n<p>Alle diese Fragen stehen vor uns \u2013 mehr denn je. Und wir sollten anfangen, dar\u00fcber zu sprechen und unsere Gedanken zusammenwirken lassen, z.B. mit Online-Meetings \u00fcber die Software Zoom oder Skype \u2013 vielleicht alle 2 Wochen einmal f\u00fcr 2 Stunden. Das w\u00e4re doch ein sch\u00f6ner gemeinsamer Ausblick ins neue Jahr. Lasst h\u00f6ren, wie ihr dar\u00fcber denkt.<\/p>\n\n\n\n<p>Bis dahin von uns die allerbesten W\u00fcnsche f\u00fcr die wirklich stillen Tage bis in den Januar hinein, f\u00fcr das kommende Jahr Gesundheit und wieder mehr Freude, gerade im Kreis der Menschen, die an unser aller Seite stehen und mit uns schicksalhaft verbunden sind.<\/p>\n\n\n\n<p>Eure  Admins<\/p>\n","protected":false},"excerpt":{"rendered":"<p>Dieses nun endlich dann doch scheidende Jahr hat viele von uns vor neue und zus\u00e4tzliche Herausforderungen gestellt, die wir noch in 2019 niemals als eine derartige \u00fcber uns hereinbrechende Flutwelle erahnt h\u00e4tten, von au\u00dfen wie von innen. Diejenigen von uns, &hellip; <a class=\"more-link\" href=\"https:\/\/blog.bzvi.de\/?p=327\">weiterlesen<\/a><\/p>","protected":false},"author":1,"featured_media":0,"comment_status":"open","ping_status":"open","sticky":false,"template":"","format":"standard","meta":{"footnotes":""},"categories":[1],"tags":[],"class_list":["post-327","post","type-post","status-publish","format-standard","hentry","category-allgemein"],"_links":{"self":[{"href":"https:\/\/blog.bzvi.de\/index.php?rest_route=\/wp\/v2\/posts\/327","targetHints":{"allow":["GET"]}}],"collection":[{"href":"https:\/\/blog.bzvi.de\/index.php?rest_route=\/wp\/v2\/posts"}],"about":[{"href":"https:\/\/blog.bzvi.de\/index.php?rest_route=\/wp\/v2\/types\/post"}],"author":[{"embeddable":true,"href":"https:\/\/blog.bzvi.de\/index.php?rest_route=\/wp\/v2\/users\/1"}],"replies":[{"embeddable":true,"href":"https:\/\/blog.bzvi.de\/index.php?rest_route=%2Fwp%2Fv2%2Fcomments&post=327"}],"version-history":[{"count":5,"href":"https:\/\/blog.bzvi.de\/index.php?rest_route=\/wp\/v2\/posts\/327\/revisions"}],"predecessor-version":[{"id":337,"href":"https:\/\/blog.bzvi.de\/index.php?rest_route=\/wp\/v2\/posts\/327\/revisions\/337"}],"wp:attachment":[{"href":"https:\/\/blog.bzvi.de\/index.php?rest_route=%2Fwp%2Fv2%2Fmedia&parent=327"}],"wp:term":[{"taxonomy":"category","embeddable":true,"href":"https:\/\/blog.bzvi.de\/index.php?rest_route=%2Fwp%2Fv2%2Fcategories&post=327"},{"taxonomy":"post_tag","embeddable":true,"href":"https:\/\/blog.bzvi.de\/index.php?rest_route=%2Fwp%2Fv2%2Ftags&post=327"}],"curies":[{"name":"wp","href":"https:\/\/api.w.org\/{rel}","templated":true}]}}